{"id":19616,"date":"2024-11-29T09:59:08","date_gmt":"2024-11-29T08:59:08","guid":{"rendered":"https:\/\/dantz.eu\/new-dantzs-eve-2025\/"},"modified":"2024-11-29T17:58:40","modified_gmt":"2024-11-29T16:58:40","slug":"new-dantzs-eve-2025","status":"publish","type":"post","link":"https:\/\/dantz.eu\/eu\/new-dantzs-eve-2025\/","title":{"rendered":"New Dantz\u00b4s Eve 2025"},"content":{"rendered":"\t\t<div data-elementor-type=\"wp-post\" data-elementor-id=\"19616\" class=\"elementor elementor-19616 elementor-19581\" data-elementor-post-type=\"post\">\n\t\t\t\t\t\t<section class=\"elementor-section elementor-top-section elementor-element elementor-element-439c59fe elementor-section-height-min-height elementor-section-boxed elementor-section-height-default elementor-section-items-middle\" data-id=\"439c59fe\" data-element_type=\"section\" data-settings=\"{&quot;background_background&quot;:&quot;classic&quot;}\">\n\t\t\t\t\t\t<div class=\"elementor-container elementor-column-gap-default\">\n\t\t\t\t\t<div class=\"elementor-column elementor-col-100 elementor-top-column elementor-element elementor-element-88cf213\" data-id=\"88cf213\" data-element_type=\"column\" data-settings=\"{&quot;background_background&quot;:&quot;classic&quot;}\">\n\t\t\t<div class=\"elementor-widget-wrap elementor-element-populated\">\n\t\t\t\t\t<div class=\"elementor-background-overlay\"><\/div>\n\t\t\t\t\t\t<div class=\"elementor-element elementor-element-3b4e94cb elementor-widget elementor-widget-heading\" data-id=\"3b4e94cb\" data-element_type=\"widget\" data-widget_type=\"heading.default\">\n\t\t\t\t<div class=\"elementor-widget-container\">\n\t\t\t<h2 class=\"elementor-heading-title elementor-size-default\">Dantz EVE 2025: Donostia prest dago urtea agurtzeko musika elektronikoaren esperientzia paregabe batekin Reale Arenan.<\/h2>\t\t<\/div>\n\t\t\t\t<\/div>\n\t\t\t\t\t<\/div>\n\t\t<\/div>\n\t\t\t\t\t<\/div>\n\t\t<\/section>\n\t\t\t\t<section class=\"elementor-section elementor-top-section elementor-element elementor-element-719361 elementor-section-boxed elementor-section-height-default elementor-section-height-default\" data-id=\"719361\" data-element_type=\"section\" data-settings=\"{&quot;background_background&quot;:&quot;classic&quot;}\">\n\t\t\t\t\t\t<div class=\"elementor-container elementor-column-gap-default\">\n\t\t\t\t\t<div class=\"elementor-column elementor-col-100 elementor-top-column elementor-element elementor-element-18c365a6\" data-id=\"18c365a6\" data-element_type=\"column\">\n\t\t\t<div class=\"elementor-widget-wrap elementor-element-populated\">\n\t\t\t\t\t\t<div class=\"elementor-element elementor-element-2ae1956 elementor-widget elementor-widget-text-editor\" data-id=\"2ae1956\" data-element_type=\"widget\" data-widget_type=\"text-editor.default\">\n\t\t\t\t<div class=\"elementor-widget-container\">\n\t\t\t\t\t\t\t<p><b>Urte amaierako festa lehen aldiz egingo da estadioan.<\/b><\/p>\n<p><span style=\"font-weight: 400;\">2024ko abenduaren 31n, Donostia urte amaierako ospakizunen erdigune bihurtuko da Dantz EVErekin. Ekitaldi berezi honek musika elektroniko eta abangoardista Reale Arena (Anoeta) estadio ikonikoan elkartuko ditu. Esperientzia honek urte berriari ongietorria emateko modua erabat berrasmatuko du, musika elektronikoa hiriko espaziorik enblematikoenetako batean giro murgiltzaile batean eskainiz.<\/span><\/p>\n<p><b>2024ko azaroaren 29a.<\/b><\/p>\n<p><span style=\"font-weight: 400;\">Lehen aldiz, Reale Arena urte amaierako ospakizunetarako gune bihurtuko da, maila goreneko azpiegiturarekin: soinu eta argiztapen sistema berritzaileak, eta espazio bakoitza ikuskizun bisual paregabe bihurtuko duen eszenografia diseinua. Ekitaldi honek Dantzen konpromisoa berresten du, kultura-esperientzia berritzaileak eta ohikotik haratago doazenak sortzeko helburuarekin.<\/span><\/p>\n<p><span style=\"font-weight: 400;\">Dantz EVE ez da soilik urte amaierako ospakizun bat, baizik eta Donostia eta Euskadi musika elektronikoaren eta kultura garaikidearen erreferente gisa sendotzeko aukera bat.\u00a0<\/span><\/p>\n<p><span style=\"font-weight: 400;\">Kalitate artistikoan eta berrikuntzan oinarrituta, ekitaldi honek gau bereziari ikuspegi alternatibo eta esperientzia ahaztezina eskainiko dio, ikus-entzuleen itxaropenak gainditzeko helburuarekin.<\/span><\/p>\n<p><span style=\"font-weight: 400;\">Ateak 01:00etan zabalduko dira, eta ospakizuna goizeko 07:00ak arte luzatuko da. 2025ari ongietorria emateko esperientzia berezi bat bermatuta dago, bertaratutakoek Reale Arenako harmailak bisitatzeko eta urte berria ospatzeko giro ezin hobean murgiltzeko aukera izango baitute.<\/span><\/p>\n<p><span style=\"font-weight: 400;\">2022tik, Dantz-ek bere presentzia zabaldu du Europa mailan, sektoreko erreferente gisa sendotuz. 8 urteko ibilbidearekin, hainbat nazioarteko ekitaldi eta jaialdi sortu ditu, hala nola Dantz Point eta Dantz Festival. Orain, Dantz EVE dinamika berri gisa aurkezten du, publikoarekin musika elektronikoaren eta abangoardiaren bidez loturak sortzeko beste urrats bat bezala.<\/span><\/p>\n<p><span style=\"font-weight: 400;\">Jokin Telleria, Dantz-en sortzaileak dio: <\/span><i><span style=\"font-weight: 400;\">\u201cDantz EVE gure modua da urtea Dantzen energia eta sormenarekin agurtzeko. Esperientzia honek Donostiako urte amaierako ospakizunetan mugarri bat ezartzea nahi dugu, eta musika elektronikoaren eta alternatiboaren zale guztiekin partekatzeko irrikitan gaude.\u201d<\/span><\/i><\/p>\n<p><span style=\"font-weight: 400;\">Dantz EVErako sarrerak Dantz webgune ofizialean daude salgai. Aldez aurretik erostea gomendatzen da, ekitaldi paregabe honek eskaera handia izango baitu.<\/span><\/p>\n<p><span style=\"font-weight: 400;\">Prezioei dagokionez 45 \u20ac (edari gabe) eta 65 \u20ac (hiru edari barne) izango dira, kudeaketa gastuak gehituz.<\/span><\/p>\n<p><span style=\"font-weight: 400;\">Informazio gehiago eta sarrerak erosteko, bisitatu: <\/span><span style=\"color: #0000ff;\"><a style=\"color: #0000ff;\" href=\"http:\/\/dantz.eu\/eve\"><span style=\"font-weight: 400;\">dantz.eu\/eve<\/span><\/a><span style=\"font-weight: 400;\">\u00a0<\/span><\/span><\/p>\n\t\t\t\t\t\t<\/div>\n\t\t\t\t<\/div>\n\t\t\t\t\t<\/div>\n\t\t<\/div>\n\t\t\t\t\t<\/div>\n\t\t<\/section>\n\t\t\t\t<\/div>\n\t\t","protected":false},"excerpt":{"rendered":"<p>Dantz EVE 2025: Donostia prest dago urtea agurtzeko musika elektronikoaren esperientzia paregabe batekin Reale Arenan. Urte amaierako festa lehen aldiz egingo da estadioan. 2024ko abenduaren 31n, Donostia urte amaierako ospakizunen erdigune bihurtuko da Dantz EVErekin. Ekitaldi berezi honek musika elektroniko eta abangoardista Reale Arena (Anoeta) estadio ikonikoan elkartuko ditu. Esperientzia honek urte berriari ongietorria emateko [&hellip;]<\/p>\n","protected":false},"author":2,"featured_media":0,"comment_status":"closed","ping_status":"closed","sticky":false,"template":"elementor_header_footer","format":"standard","meta":{"_acf_changed":false,"footnotes":""},"categories":[70],"tags":[],"class_list":["post-19616","post","type-post","status-publish","format-standard","hentry","category-noticias-eu"],"acf":[],"yoast_head":"<!-- This site is optimized with the Yoast SEO plugin v23.5 - https:\/\/yoast.com\/wordpress\/plugins\/seo\/ -->\n<title>M\u00fasica electr\u00f3nica y contempor\u00e1nea | Dantz | Festival | Point | Home |<\/title>\n<meta name=\"description\" content=\"Dantz es un laboratorio y contenedor de proyectos en el \u00e1mbito cultural y art\u00edstico que tiene como eje la m\u00fasica electr\u00f3nica y de vanguardia.\" \/>\n<meta name=\"robots\" content=\"index, follow, max-snippet:-1, max-image-preview:large, max-video-preview:-1\" \/>\n<link rel=\"canonical\" href=\"https:\/\/dantz.eu\/eu\/new-dantzs-eve-2025\/\" \/>\n<meta property=\"og:locale\" content=\"eu_ES\" \/>\n<meta property=\"og:type\" content=\"article\" \/>\n<meta property=\"og:title\" content=\"M\u00fasica electr\u00f3nica y contempor\u00e1nea | Dantz | Festival | Point | Home |\" \/>\n<meta property=\"og:description\" content=\"Dantz es un laboratorio y contenedor de proyectos en el \u00e1mbito cultural y art\u00edstico que tiene como eje la m\u00fasica electr\u00f3nica y de vanguardia.\" \/>\n<meta property=\"og:url\" content=\"https:\/\/dantz.eu\/eu\/new-dantzs-eve-2025\/\" \/>\n<meta property=\"og:site_name\" content=\"Dantz\" \/>\n<meta property=\"article:publisher\" content=\"https:\/\/www.facebook.com\/dantzmusik\/\" \/>\n<meta property=\"article:published_time\" content=\"2024-11-29T08:59:08+00:00\" \/>\n<meta property=\"article:modified_time\" content=\"2024-11-29T16:58:40+00:00\" \/>\n<meta name=\"author\" content=\"dantz\" \/>\n<meta name=\"twitter:card\" content=\"summary_large_image\" \/>\n<meta name=\"twitter:creator\" content=\"@dantzmusik\" \/>\n<meta name=\"twitter:site\" content=\"@dantzmusik\" \/>\n<meta name=\"twitter:label1\" content=\"Written by\" \/>\n\t<meta name=\"twitter:data1\" content=\"dantz\" \/>\n\t<meta name=\"twitter:label2\" content=\"Est. reading time\" \/>\n\t<meta name=\"twitter:data2\" content=\"2 minutes\" \/>\n<script type=\"application\/ld+json\" class=\"yoast-schema-graph\">{\"@context\":\"https:\/\/schema.org\",\"@graph\":[{\"@type\":\"Article\",\"@id\":\"https:\/\/dantz.eu\/eu\/new-dantzs-eve-2025\/#article\",\"isPartOf\":{\"@id\":\"https:\/\/dantz.eu\/eu\/new-dantzs-eve-2025\/\"},\"author\":{\"name\":\"dantz\",\"@id\":\"https:\/\/dantz.eu\/eu\/#\/schema\/person\/d3d7725e44a59859cdf39cdaaffe596d\"},\"headline\":\"New Dantz\u00b4s Eve 2025\",\"datePublished\":\"2024-11-29T08:59:08+00:00\",\"dateModified\":\"2024-11-29T16:58:40+00:00\",\"mainEntityOfPage\":{\"@id\":\"https:\/\/dantz.eu\/eu\/new-dantzs-eve-2025\/\"},\"wordCount\":323,\"publisher\":{\"@id\":\"https:\/\/dantz.eu\/eu\/#organization\"},\"articleSection\":[\"Noticias\"],\"inLanguage\":\"eu-ES\"},{\"@type\":\"WebPage\",\"@id\":\"https:\/\/dantz.eu\/eu\/new-dantzs-eve-2025\/\",\"url\":\"https:\/\/dantz.eu\/eu\/new-dantzs-eve-2025\/\",\"name\":\"M\u00fasica electr\u00f3nica y contempor\u00e1nea | Dantz | Festival | Point | Home |\",\"isPartOf\":{\"@id\":\"https:\/\/dantz.eu\/eu\/#website\"},\"datePublished\":\"2024-11-29T08:59:08+00:00\",\"dateModified\":\"2024-11-29T16:58:40+00:00\",\"description\":\"Dantz es un laboratorio y contenedor de proyectos en el \u00e1mbito cultural y art\u00edstico que tiene como eje la m\u00fasica electr\u00f3nica y de vanguardia.\",\"inLanguage\":\"eu-ES\",\"potentialAction\":[{\"@type\":\"ReadAction\",\"target\":[\"https:\/\/dantz.eu\/eu\/new-dantzs-eve-2025\/\"]}]},{\"@type\":\"WebSite\",\"@id\":\"https:\/\/dantz.eu\/eu\/#website\",\"url\":\"https:\/\/dantz.eu\/eu\/\",\"name\":\"Dantz\",\"description\":\"Contemporary &amp; Electronic Music Platform\",\"publisher\":{\"@id\":\"https:\/\/dantz.eu\/eu\/#organization\"},\"potentialAction\":[{\"@type\":\"SearchAction\",\"target\":{\"@type\":\"EntryPoint\",\"urlTemplate\":\"https:\/\/dantz.eu\/eu\/?s={search_term_string}\"},\"query-input\":{\"@type\":\"PropertyValueSpecification\",\"valueRequired\":true,\"valueName\":\"search_term_string\"}}],\"inLanguage\":\"eu-ES\"},{\"@type\":\"Organization\",\"@id\":\"https:\/\/dantz.eu\/eu\/#organization\",\"name\":\"dantz\",\"url\":\"https:\/\/dantz.eu\/eu\/\",\"logo\":{\"@type\":\"ImageObject\",\"inLanguage\":\"eu-ES\",\"@id\":\"https:\/\/dantz.eu\/eu\/#\/schema\/logo\/image\/\",\"url\":\"https:\/\/dantz.eu\/wp-content\/uploads\/2025\/04\/d.jpg\",\"contentUrl\":\"https:\/\/dantz.eu\/wp-content\/uploads\/2025\/04\/d.jpg\",\"width\":312,\"height\":210,\"caption\":\"dantz\"},\"image\":{\"@id\":\"https:\/\/dantz.eu\/eu\/#\/schema\/logo\/image\/\"},\"sameAs\":[\"https:\/\/www.facebook.com\/dantzmusik\/\",\"https:\/\/x.com\/dantzmusik\",\"https:\/\/www.instagram.com\/dantzmusik\/\",\"https:\/\/www.youtube.com\/channel\/UC8ErqRxdgwWhMmf5yuBYF5Q\",\"https:\/\/www.linkedin.com\/company\/dantz\/posts\/?feedView=all\",\"https:\/\/soundcloud.com\/dantzmusik\"]},{\"@type\":\"Person\",\"@id\":\"https:\/\/dantz.eu\/eu\/#\/schema\/person\/d3d7725e44a59859cdf39cdaaffe596d\",\"name\":\"dantz\",\"url\":\"https:\/\/dantz.eu\/eu\/author\/dantz\/\"}]}<\/script>\n<!-- \/ Yoast SEO plugin. -->","yoast_head_json":{"title":"M\u00fasica electr\u00f3nica y contempor\u00e1nea | Dantz | Festival | Point | Home |","description":"Dantz es un laboratorio y contenedor de proyectos en el \u00e1mbito cultural y art\u00edstico que tiene como eje la m\u00fasica electr\u00f3nica y de vanguardia.","robots":{"index":"index","follow":"follow","max-snippet":"max-snippet:-1","max-image-preview":"max-image-preview:large","max-video-preview":"max-video-preview:-1"},"canonical":"https:\/\/dantz.eu\/eu\/new-dantzs-eve-2025\/","og_locale":"eu_ES","og_type":"article","og_title":"M\u00fasica electr\u00f3nica y contempor\u00e1nea | Dantz | Festival | Point | Home |","og_description":"Dantz es un laboratorio y contenedor de proyectos en el \u00e1mbito cultural y art\u00edstico que tiene como eje la m\u00fasica electr\u00f3nica y de vanguardia.","og_url":"https:\/\/dantz.eu\/eu\/new-dantzs-eve-2025\/","og_site_name":"Dantz","article_publisher":"https:\/\/www.facebook.com\/dantzmusik\/","article_published_time":"2024-11-29T08:59:08+00:00","article_modified_time":"2024-11-29T16:58:40+00:00","author":"dantz","twitter_card":"summary_large_image","twitter_creator":"@dantzmusik","twitter_site":"@dantzmusik","twitter_misc":{"Written by":"dantz","Est. reading time":"2 minutes"},"schema":{"@context":"https:\/\/schema.org","@graph":[{"@type":"Article","@id":"https:\/\/dantz.eu\/eu\/new-dantzs-eve-2025\/#article","isPartOf":{"@id":"https:\/\/dantz.eu\/eu\/new-dantzs-eve-2025\/"},"author":{"name":"dantz","@id":"https:\/\/dantz.eu\/eu\/#\/schema\/person\/d3d7725e44a59859cdf39cdaaffe596d"},"headline":"New Dantz\u00b4s Eve 2025","datePublished":"2024-11-29T08:59:08+00:00","dateModified":"2024-11-29T16:58:40+00:00","mainEntityOfPage":{"@id":"https:\/\/dantz.eu\/eu\/new-dantzs-eve-2025\/"},"wordCount":323,"publisher":{"@id":"https:\/\/dantz.eu\/eu\/#organization"},"articleSection":["Noticias"],"inLanguage":"eu-ES"},{"@type":"WebPage","@id":"https:\/\/dantz.eu\/eu\/new-dantzs-eve-2025\/","url":"https:\/\/dantz.eu\/eu\/new-dantzs-eve-2025\/","name":"M\u00fasica electr\u00f3nica y contempor\u00e1nea | Dantz | Festival | Point | Home |","isPartOf":{"@id":"https:\/\/dantz.eu\/eu\/#website"},"datePublished":"2024-11-29T08:59:08+00:00","dateModified":"2024-11-29T16:58:40+00:00","description":"Dantz es un laboratorio y contenedor de proyectos en el \u00e1mbito cultural y art\u00edstico que tiene como eje la m\u00fasica electr\u00f3nica y de vanguardia.","inLanguage":"eu-ES","potentialAction":[{"@type":"ReadAction","target":["https:\/\/dantz.eu\/eu\/new-dantzs-eve-2025\/"]}]},{"@type":"WebSite","@id":"https:\/\/dantz.eu\/eu\/#website","url":"https:\/\/dantz.eu\/eu\/","name":"Dantz","description":"Contemporary &amp; Electronic Music Platform","publisher":{"@id":"https:\/\/dantz.eu\/eu\/#organization"},"potentialAction":[{"@type":"SearchAction","target":{"@type":"EntryPoint","urlTemplate":"https:\/\/dantz.eu\/eu\/?s={search_term_string}"},"query-input":{"@type":"PropertyValueSpecification","valueRequired":true,"valueName":"search_term_string"}}],"inLanguage":"eu-ES"},{"@type":"Organization","@id":"https:\/\/dantz.eu\/eu\/#organization","name":"dantz","url":"https:\/\/dantz.eu\/eu\/","logo":{"@type":"ImageObject","inLanguage":"eu-ES","@id":"https:\/\/dantz.eu\/eu\/#\/schema\/logo\/image\/","url":"https:\/\/dantz.eu\/wp-content\/uploads\/2025\/04\/d.jpg","contentUrl":"https:\/\/dantz.eu\/wp-content\/uploads\/2025\/04\/d.jpg","width":312,"height":210,"caption":"dantz"},"image":{"@id":"https:\/\/dantz.eu\/eu\/#\/schema\/logo\/image\/"},"sameAs":["https:\/\/www.facebook.com\/dantzmusik\/","https:\/\/x.com\/dantzmusik","https:\/\/www.instagram.com\/dantzmusik\/","https:\/\/www.youtube.com\/channel\/UC8ErqRxdgwWhMmf5yuBYF5Q","https:\/\/www.linkedin.com\/company\/dantz\/posts\/?feedView=all","https:\/\/soundcloud.com\/dantzmusik"]},{"@type":"Person","@id":"https:\/\/dantz.eu\/eu\/#\/schema\/person\/d3d7725e44a59859cdf39cdaaffe596d","name":"dantz","url":"https:\/\/dantz.eu\/eu\/author\/dantz\/"}]}},"_links":{"self":[{"href":"https:\/\/dantz.eu\/eu\/wp-json\/wp\/v2\/posts\/19616","targetHints":{"allow":["GET"]}}],"collection":[{"href":"https:\/\/dantz.eu\/eu\/wp-json\/wp\/v2\/posts"}],"about":[{"href":"https:\/\/dantz.eu\/eu\/wp-json\/wp\/v2\/types\/post"}],"author":[{"embeddable":true,"href":"https:\/\/dantz.eu\/eu\/wp-json\/wp\/v2\/users\/2"}],"replies":[{"embeddable":true,"href":"https:\/\/dantz.eu\/eu\/wp-json\/wp\/v2\/comments?post=19616"}],"version-history":[{"count":1,"href":"https:\/\/dantz.eu\/eu\/wp-json\/wp\/v2\/posts\/19616\/revisions"}],"predecessor-version":[{"id":19617,"href":"https:\/\/dantz.eu\/eu\/wp-json\/wp\/v2\/posts\/19616\/revisions\/19617"}],"wp:attachment":[{"href":"https:\/\/dantz.eu\/eu\/wp-json\/wp\/v2\/media?parent=19616"}],"wp:term":[{"taxonomy":"category","embeddable":true,"href":"https:\/\/dantz.eu\/eu\/wp-json\/wp\/v2\/categories?post=19616"},{"taxonomy":"post_tag","embeddable":true,"href":"https:\/\/dantz.eu\/eu\/wp-json\/wp\/v2\/tags?post=19616"}],"curies":[{"name":"wp","href":"https:\/\/api.w.org\/{rel}","templated":true}]}}